{"id":72,"date":"2026-04-26T15:21:34","date_gmt":"2026-04-26T13:21:34","guid":{"rendered":"http:\/\/100faute.be\/?p=72"},"modified":"2026-04-26T18:24:53","modified_gmt":"2026-04-26T16:24:53","slug":"pincee-de-coco","status":"publish","type":"post","link":"https:\/\/100faute.be\/index.php\/2026\/04\/26\/pincee-de-coco\/","title":{"rendered":"Pinc\u00e9e de Coco"},"content":{"rendered":"\n<p>@<a href=\"https:\/\/www.instagram.com\/pinceedecoco\/\" target=\"_blank\" rel=\"noreferrer noopener\">Instagram<\/a> \u2022 @<a href=\"https:\/\/www.facebook.com\/profile.php?id=61569721162023\" data-type=\"link\" data-id=\"https:\/\/www.facebook.com\/profile.php?id=61569721162023\" target=\"_blank\" rel=\"noreferrer noopener\">Facebook<\/a><\/p>\n\n\n\n<div class=\"wp-block-media-text is-stacked-on-mobile\" style=\"grid-template-columns:39% auto\"><figure class=\"wp-block-media-text__media\"><img loading=\"lazy\" decoding=\"async\" width=\"684\" height=\"1024\" src=\"http:\/\/100faute.be\/wp-content\/uploads\/2026\/04\/Vignette-Pincee-de-Coco-20260426-1-684x1024.jpg\" alt=\"\" class=\"wp-image-37 size-full\" srcset=\"https:\/\/100faute.be\/wp-content\/uploads\/2026\/04\/Vignette-Pincee-de-Coco-20260426-1-684x1024.jpg 684w, https:\/\/100faute.be\/wp-content\/uploads\/2026\/04\/Vignette-Pincee-de-Coco-20260426-1-200x300.jpg 200w, https:\/\/100faute.be\/wp-content\/uploads\/2026\/04\/Vignette-Pincee-de-Coco-20260426-1-768x1150.jpg 768w, https:\/\/100faute.be\/wp-content\/uploads\/2026\/04\/Vignette-Pincee-de-Coco-20260426-1.jpg 945w\" sizes=\"auto, (max-width: 684px) 100vw, 684px\" \/><\/figure><div class=\"wp-block-media-text__content\">\n<p class=\"has-medium-font-size\"><strong>Pinc\u00e9e de Coco&nbsp;<\/strong>est une slameuse belgo-rwandaise queer active sur la sc\u00e8ne slam depuis plusieurs ann\u00e9es. Elle s\u2019est produite en Belgique et \u00e0 l\u2019international, o\u00f9 elle a rapidement trouv\u00e9 sa place au sein d\u2019une communaut\u00e9 engag\u00e9e. En parall\u00e8le \u00e0 la sc\u00e8ne, elle d\u00e9veloppe un travail de transmission au travers d\u2019ateliers d\u2019\u00e9criture.&nbsp;&nbsp;<\/p>\n\n\n\n<p class=\"has-medium-font-size\">Son art, port\u00e9 par l\u2019urgence de s\u2019exprimer, d\u00e9fend l\u2019importance de mettre des mots sur la souffrance pour mieux l\u2019habiter. Elle affirme ainsi l\u2019\u00e9criture comme un outil de gu\u00e9rison, notamment \u00e0 travers son engagement dans le collectif \u00ab <a href=\"https:\/\/www.instagram.com\/tout_va_sarranger_ou_pas\/\" data-type=\"link\" data-id=\"https:\/\/www.instagram.com\/tout_va_sarranger_ou_pas\/\">Tout va s\u2019arranger (ou pas)<\/a> \u00bb, qui sensibilise aux enjeux de sant\u00e9 mentale aupr\u00e8s des jeunes et des professionnel\u00b7les de la sant\u00e9 par le biais d\u2019interventions.\u00a0\u00a0<\/p>\n<\/div><\/div>\n\n\n\n<p class=\"has-medium-font-size\"><em>Cicatriste <\/em>est son premier recueil de po\u00e9sies, elle anime r\u00e9guli\u00e8rement des ateliers d&rsquo;\u00e9criture et intervient lors de conf\u00e9rences autour de la sant\u00e9 mentale des jeunes.<\/p>\n\n\n\n<p class=\"has-medium-font-size\">Vous la retrouverez aussi dans le collectif Anticyclone qui cr\u00e9e des \u00e9v\u00e9nements slam et rap. La particularit\u00e9 d&rsquo;Anticyclone est de donner la place en priorit\u00e9 aux personnes g\u00e9n\u00e9ralement exclue de la sc\u00e8ne : FINTA est un\u00a0<mark>acronyme inclusif d\u00e9signant les\u00a0<strong>F<\/strong>emmes, personnes\u00a0<strong>I<\/strong>ntersexes,\u00a0<strong>N<\/strong>on-binaires,\u00a0<strong>T<\/strong>rans et\u00a0<strong>A<\/strong>genres<\/mark>.<\/p>\n","protected":false},"excerpt":{"rendered":"<p>@Instagram \u2022 @Facebook Pinc\u00e9e de Coco&nbsp;est une slameuse belgo-rwandaise queer active sur la sc\u00e8ne slam depuis plusieurs ann\u00e9es. Elle s\u2019est produite en Belgique et \u00e0 l\u2019international, o\u00f9 elle a rapidement&hellip;<\/p>\n","protected":false},"author":2,"featured_media":58,"comment_status":"closed","ping_status":"closed","sticky":false,"template":"","format":"standard","meta":{"footnotes":""},"categories":[4],"tags":[14,10,15,9,16,13],"class_list":["post-72","post","type-post","status-publish","format-standard","has-post-thumbnail","hentry","category-auteurrice","tag-anticyclone","tag-cicatriste","tag-finta","tag-pincee-de-coco","tag-sante-mentale","tag-tout-va-sarranger-ou-pas"],"_links":{"self":[{"href":"https:\/\/100faute.be\/index.php\/wp-json\/wp\/v2\/posts\/72","targetHints":{"allow":["GET"]}}],"collection":[{"href":"https:\/\/100faute.be\/index.php\/wp-json\/wp\/v2\/posts"}],"about":[{"href":"https:\/\/100faute.be\/index.php\/wp-json\/wp\/v2\/types\/post"}],"author":[{"embeddable":true,"href":"https:\/\/100faute.be\/index.php\/wp-json\/wp\/v2\/users\/2"}],"replies":[{"embeddable":true,"href":"https:\/\/100faute.be\/index.php\/wp-json\/wp\/v2\/comments?post=72"}],"version-history":[{"count":1,"href":"https:\/\/100faute.be\/index.php\/wp-json\/wp\/v2\/posts\/72\/revisions"}],"predecessor-version":[{"id":77,"href":"https:\/\/100faute.be\/index.php\/wp-json\/wp\/v2\/posts\/72\/revisions\/77"}],"wp:featuredmedia":[{"embeddable":true,"href":"https:\/\/100faute.be\/index.php\/wp-json\/wp\/v2\/media\/58"}],"wp:attachment":[{"href":"https:\/\/100faute.be\/index.php\/wp-json\/wp\/v2\/media?parent=72"}],"wp:term":[{"taxonomy":"category","embeddable":true,"href":"https:\/\/100faute.be\/index.php\/wp-json\/wp\/v2\/categories?post=72"},{"taxonomy":"post_tag","embeddable":true,"href":"https:\/\/100faute.be\/index.php\/wp-json\/wp\/v2\/tags?post=72"}],"curies":[{"name":"wp","href":"https:\/\/api.w.org\/{rel}","templated":true}]}}