{"id":94,"date":"2026-04-25T19:42:34","date_gmt":"2026-04-25T17:42:34","guid":{"rendered":"https:\/\/100faute.be\/?p=94"},"modified":"2026-04-26T19:49:16","modified_gmt":"2026-04-26T17:49:16","slug":"notre-offre","status":"publish","type":"post","link":"https:\/\/100faute.be\/index.php\/2026\/04\/25\/notre-offre\/","title":{"rendered":"Notre Offre"},"content":{"rendered":"\n<p>@<a href=\"https:\/\/www.instagram.com\/100_faute_edition\/\" data-type=\"link\" data-id=\"https:\/\/www.instagram.com\/cegenredechose\/\" target=\"_blank\" rel=\"noreferrer noopener\">Instagram <\/a>\u2022 @<a href=\"https:\/\/www.facebook.com\/profile.php?id=61560630873012\" data-type=\"link\" data-id=\"https:\/\/www.facebook.com\/profile.php?id=61569721162023\" target=\"_blank\" rel=\"noreferrer noopener\">Facebook<\/a> <\/p>\n\n\n\n<p class=\"has-medium-font-size\">\u201c100 faute\u201d \u00e9diteur\u00b7rice se veut ouvert\u00b7e sur la forme. <\/p>\n\n\n\n<p class=\"has-medium-font-size\">Le fond a des Valeurs d\u2019Ouverture, de Pr\u00e9sence \u00e0 l\u2019Autre, d\u2019Accueil, de Solidarit\u00e9, de Partage, de Paradoxe. <\/p>\n\n\n\n<blockquote class=\"wp-block-quote is-layout-flow wp-block-quote-is-layout-flow\">\n<p class=\"has-large-font-size\"><em>La seule Exclusion est l\u2019Exclusion. <\/em><\/p>\n<\/blockquote>\n\n\n\n<p class=\"has-medium-font-size\">Pas de texte contre. <\/p>\n\n\n\n<p class=\"has-medium-font-size\">L\u2019ortograf sera celle de l\u2019auteur\u00b7e. Parce que la po\u00e9sie est orale. Elle ne se pr\u00e9occupe pas de la perfection \u00e9crite mais du dit. <\/p>\n\n\n\n<p class=\"has-medium-font-size\">C\u2019est pour cela que certains textes sont accompagn\u00e9s de leur version audio accessible via un QR-Code. <\/p>\n\n\n\n<p class=\"has-medium-font-size\">La naissance du projet se passe dans la cour d\u2019un h\u00f4pital psychiatrique bruxellois en ao\u00fbt 2025. <\/p>\n\n\n\n<p class=\"has-medium-font-size\">Entour\u00e9 de trois jeunes en gal\u00e8re. Qui se soignent. Qui bossent sur leurs traumas. <\/p>\n\n\n\n<p class=\"has-medium-font-size\">Je suis l\u00e0 en visiteur et je re\u00e7ois leurs textes dans les oreilles, leurs vibes, leurs flows. <\/p>\n\n\n\n<p class=\"has-medium-font-size\">Tellement diff\u00e9rents et touchants. Tellement sonores. Tellement purs.<\/p>\n\n\n\n<p class=\"has-medium-font-size\"><strong>Trois formats co-existent<\/strong><\/p>\n\n\n\n<ul class=\"wp-block-list\">\n<li class=\"has-medium-font-size\">Le <strong>Livre<\/strong> est imprim\u00e9 en France actuellement (avril 2026), le format est celui d\u00e9cid\u00e9 par l&rsquo;auteur\u00b7rice. <\/li>\n\n\n\n<li class=\"has-medium-font-size\">Le <strong>Livret <\/strong>de textes (slam, chant), photocopi\u00e9 sur un papier de qualit\u00e9, format fini A5 agraf\u00e9. Contient, id\u00e9alement, un qr-code par texte pour entendre le texte, le rythme, les pauses, le flow.<\/li>\n\n\n\n<li class=\"has-medium-font-size\">Le <strong>Fanzine<\/strong>, m\u00eame format que le livret.<\/li>\n<\/ul>\n\n\n\n<p class=\"has-medium-font-size\"><strong>Qui fait quoi ?<\/strong><\/p>\n\n\n\n<p class=\"has-medium-font-size\">Le r\u00f4le de \u00ab\u00a0100 faute\u00a0\u00bb est de s&rsquo;occuper de toute la partie administrative, l&rsquo;auteur\u00b7rice est d\u00e9charg\u00e9\u00b7e des contacts, du suivi, de la v\u00e9rification des fichiers&#8230; <\/p>\n\n\n\n<p class=\"has-medium-font-size\">Il n&rsquo;y a pas de comit\u00e9 de lecture. On se situe entre l&rsquo;auto-\u00e9dition et la maison d&rsquo;\u00e9dition structur\u00e9e. Il y a, toutefois, une \u00e9valuation de compatibilit\u00e9 entre les valeurs \u00e9nonc\u00e9es et le contenu propos\u00e9.<\/p>\n\n\n\n<p class=\"has-medium-font-size\">\u00ab\u00a0100 faute\u00a0\u00bb n&rsquo;a pas de contact pour la distribution en librairie actuellement. <\/p>\n\n\n\n<p class=\"has-medium-font-size\">Les ventes se font par l&rsquo;artiste sur ses \u00e9v\u00e9nements. <\/p>\n\n\n\n<p class=\"has-medium-font-size\">Deux exemplaires sont d\u00e9pos\u00e9s au \u00ab\u00a0d\u00e9pot l\u00e9gal\u00a0\u00bb par l&rsquo;\u00e9diteur.<\/p>\n\n\n\n<p><\/p>\n\n\n\n<p class=\"has-medium-font-size\"><strong>Contact <\/strong>: <a href=\"mailto:info@100faute.be\" target=\"_blank\" rel=\"noreferrer noopener\">info(at)100faute.be<\/a><\/p>\n\n\n\n<p><\/p>\n","protected":false},"excerpt":{"rendered":"<p>@Instagram \u2022 @Facebook \u201c100 faute\u201d \u00e9diteur\u00b7rice se veut ouvert\u00b7e sur la forme. Le fond a des Valeurs d\u2019Ouverture, de Pr\u00e9sence \u00e0 l\u2019Autre, d\u2019Accueil, de Solidarit\u00e9, de Partage, de Paradoxe. La&hellip;<\/p>\n","protected":false},"author":2,"featured_media":6,"comment_status":"closed","ping_status":"closed","sticky":false,"template":"","format":"standard","meta":{"footnotes":""},"categories":[6,5,21],"tags":[],"class_list":["post-94","post","type-post","status-publish","format-standard","has-post-thumbnail","hentry","category-fanzine","category-livre","category-livret"],"_links":{"self":[{"href":"https:\/\/100faute.be\/index.php\/wp-json\/wp\/v2\/posts\/94","targetHints":{"allow":["GET"]}}],"collection":[{"href":"https:\/\/100faute.be\/index.php\/wp-json\/wp\/v2\/posts"}],"about":[{"href":"https:\/\/100faute.be\/index.php\/wp-json\/wp\/v2\/types\/post"}],"author":[{"embeddable":true,"href":"https:\/\/100faute.be\/index.php\/wp-json\/wp\/v2\/users\/2"}],"replies":[{"embeddable":true,"href":"https:\/\/100faute.be\/index.php\/wp-json\/wp\/v2\/comments?post=94"}],"version-history":[{"count":5,"href":"https:\/\/100faute.be\/index.php\/wp-json\/wp\/v2\/posts\/94\/revisions"}],"predecessor-version":[{"id":104,"href":"https:\/\/100faute.be\/index.php\/wp-json\/wp\/v2\/posts\/94\/revisions\/104"}],"wp:featuredmedia":[{"embeddable":true,"href":"https:\/\/100faute.be\/index.php\/wp-json\/wp\/v2\/media\/6"}],"wp:attachment":[{"href":"https:\/\/100faute.be\/index.php\/wp-json\/wp\/v2\/media?parent=94"}],"wp:term":[{"taxonomy":"category","embeddable":true,"href":"https:\/\/100faute.be\/index.php\/wp-json\/wp\/v2\/categories?post=94"},{"taxonomy":"post_tag","embeddable":true,"href":"https:\/\/100faute.be\/index.php\/wp-json\/wp\/v2\/tags?post=94"}],"curies":[{"name":"wp","href":"https:\/\/api.w.org\/{rel}","templated":true}]}}